{"id":1039,"date":"2021-02-01T13:56:58","date_gmt":"2021-02-01T21:56:58","guid":{"rendered":"https:\/\/www.artandpractice.org\/?p=1039"},"modified":"2021-02-01T13:56:59","modified_gmt":"2021-02-01T21:56:59","slug":"take-a-virtual-tour-of-art-practices-exhibition-collective-constellation","status":"publish","type":"post","link":"https:\/\/artandpractice.org\/es\/news\/take-a-virtual-tour-of-art-practices-exhibition-collective-constellation\/","title":{"rendered":"Realice un recorrido virtual por la exposici\u00f3n de Art + Practice &quot;Constelaci\u00f3n colectiva&quot;"},"content":{"rendered":"<p><em>Los espacios<\/em>&nbsp;es una publicaci\u00f3n digital que analiza los espacios que superan los l\u00edmites e inspira a las personas a mirar sus entornos de manera diferente. Han destacado el recorrido virtual de A+P por&nbsp;<em>Constelaci\u00f3n colectiva: selecciones de la colecci\u00f3n Eileen Harris Norton<\/em>&nbsp;como una experiencia \u00fanica y m\u00e1s intuitiva que la mayor\u00eda de los recorridos virtuales.<\/p>\n\n\n\n<p>Leer el art\u00edculo&nbsp;<a href=\"https:\/\/thespaces.com\/take-a-virtual-tour-of-art-practices-exhibition-collective-constellation\/\"><strong>aqu\u00ed<\/strong><\/a>&nbsp;y haz el recorrido virtual por ti mismo&nbsp;<a href=\"https:\/\/my.matterport.com\/show\/?m=MqHXaC4CpiH\"><strong>aqu\u00ed<\/strong><\/a>.<\/p>","protected":false},"excerpt":{"rendered":"<p>The Spaces&nbsp;is a digital publication that looks at spaces that are pushing boundaries and inspires people to look at their environments differently. They have highlighted A+P\u2019s virtual tour of&nbsp;Collective Constellation: Selections from The Eileen Harris Norton Collection&nbsp;as a unique and more intuitive experience than most virtual tours. Read the article&nbsp;here&nbsp;and take the virtual tour for [&hellip;]<\/p>\n","protected":false},"author":3,"featured_media":0,"comment_status":"closed","ping_status":"closed","sticky":false,"template":"","format":"standard","meta":{"_acf_changed":false,"footnotes":""},"categories":[3],"tags":[],"class_list":["post-1039","post","type-post","status-publish","format-standard","hentry","category-contemporary-art"],"acf":[],"_links":{"self":[{"href":"https:\/\/artandpractice.org\/es\/wp-json\/wp\/v2\/posts\/1039","targetHints":{"allow":["GET"]}}],"collection":[{"href":"https:\/\/artandpractice.org\/es\/wp-json\/wp\/v2\/posts"}],"about":[{"href":"https:\/\/artandpractice.org\/es\/wp-json\/wp\/v2\/types\/post"}],"author":[{"embeddable":true,"href":"https:\/\/artandpractice.org\/es\/wp-json\/wp\/v2\/users\/3"}],"replies":[{"embeddable":true,"href":"https:\/\/artandpractice.org\/es\/wp-json\/wp\/v2\/comments?post=1039"}],"version-history":[{"count":5,"href":"https:\/\/artandpractice.org\/es\/wp-json\/wp\/v2\/posts\/1039\/revisions"}],"predecessor-version":[{"id":1368,"href":"https:\/\/artandpractice.org\/es\/wp-json\/wp\/v2\/posts\/1039\/revisions\/1368"}],"wp:attachment":[{"href":"https:\/\/artandpractice.org\/es\/wp-json\/wp\/v2\/media?parent=1039"}],"wp:term":[{"taxonomy":"category","embeddable":true,"href":"https:\/\/artandpractice.org\/es\/wp-json\/wp\/v2\/categories?post=1039"},{"taxonomy":"post_tag","embeddable":true,"href":"https:\/\/artandpractice.org\/es\/wp-json\/wp\/v2\/tags?post=1039"}],"curies":[{"name":"wp","href":"https:\/\/api.w.org\/{rel}","templated":true}]}}