{"id":1096,"date":"2021-02-01T13:31:06","date_gmt":"2021-02-01T21:31:06","guid":{"rendered":"https:\/\/www.artandpractice.org\/?p=1096"},"modified":"2021-02-01T13:31:07","modified_gmt":"2021-02-01T21:31:07","slug":"art-2030-takes-activist-stand-alongside-united-nations-in-new-york","status":"publish","type":"post","link":"https:\/\/artandpractice.org\/es\/news\/art-2030-takes-activist-stand-alongside-united-nations-in-new-york\/","title":{"rendered":"Art 2030 toma posici\u00f3n activista junto a las Naciones Unidas en Nueva York"},"content":{"rendered":"<p>\u201cSi discutimos, reflexionamos, y cuando reflexionamos, tomamos una posici\u00f3n\u201d. As\u00ed dice un apasionado estribillo de Luise Faurschou, fundadora y directora de la organizaci\u00f3n activista Art 2030, con sede en Copenhague.<\/p>\n\n\n\n<p>El enfoque principal de su reflexi\u00f3n es un conjunto de 17 Objetivos de Desarrollo Sostenible alineados internacionalmente establecidos por las Naciones Unidas en 2015 con el objetivo de lograr diversas formas de implementaci\u00f3n para el a\u00f1o 2030. Tal como se presenta en el sitio web de las Naciones Unidas, los objetivos proporcionan un &quot;modelo para lograr un futuro mejor y m\u00e1s sostenible para todos. Abordan los desaf\u00edos globales que enfrentamos, incluidos los relacionados con la pobreza, la desigualdad, el clima, la degradaci\u00f3n ambiental, la prosperidad y la paz y la justicia\u201d.<\/p>\n\n\n\n<p>Faurschou, que dirigi\u00f3 una galer\u00eda hom\u00f3nima durante m\u00e1s de 20 a\u00f1os y luego una fundaci\u00f3n y una empresa curatorial\/asesora llamada Faurschou Art Resources, estableci\u00f3 Art 2030 el a\u00f1o pasado para tratar de forjar v\u00ednculos entre los \u00e1mbitos del arte y la pol\u00edtica. \u201cPuedo conectar el mundo del arte con esta agenda\u201d, dijo a ARTnews mientras estaba en Nueva York la semana pasada, \u201cpor la profunda creencia de que el arte es un espacio \u00fanico para la discusi\u00f3n\u201d.<\/p>\n\n\n\n<p>Lee el art\u00edculo completo&nbsp;<strong><a href=\"http:\/\/www.artnews.com\/2018\/10\/05\/art-2030-takes-activist-stand-alongside-united-nations-new-york\/\">aqu\u00ed<\/a><\/strong>.<\/p>","protected":false},"excerpt":{"rendered":"<p>\u201cIf we discuss, we reflect\u2014and when we reflect, we take a stand.\u201d So goes an impassioned refrain favored by Luise Faurschou, the founder and director of the Copenhagen-based activist organization Art 2030. The main focus of her reflection is a set of 17 internationally aligned Sustainable Development Goals established by the United Nations in 2015 [&hellip;]<\/p>\n","protected":false},"author":3,"featured_media":0,"comment_status":"closed","ping_status":"closed","sticky":false,"template":"","format":"standard","meta":{"_acf_changed":false,"footnotes":""},"categories":[3],"tags":[],"class_list":["post-1096","post","type-post","status-publish","format-standard","hentry","category-contemporary-art"],"acf":[],"_links":{"self":[{"href":"https:\/\/artandpractice.org\/es\/wp-json\/wp\/v2\/posts\/1096","targetHints":{"allow":["GET"]}}],"collection":[{"href":"https:\/\/artandpractice.org\/es\/wp-json\/wp\/v2\/posts"}],"about":[{"href":"https:\/\/artandpractice.org\/es\/wp-json\/wp\/v2\/types\/post"}],"author":[{"embeddable":true,"href":"https:\/\/artandpractice.org\/es\/wp-json\/wp\/v2\/users\/3"}],"replies":[{"embeddable":true,"href":"https:\/\/artandpractice.org\/es\/wp-json\/wp\/v2\/comments?post=1096"}],"version-history":[{"count":3,"href":"https:\/\/artandpractice.org\/es\/wp-json\/wp\/v2\/posts\/1096\/revisions"}],"predecessor-version":[{"id":1318,"href":"https:\/\/artandpractice.org\/es\/wp-json\/wp\/v2\/posts\/1096\/revisions\/1318"}],"wp:attachment":[{"href":"https:\/\/artandpractice.org\/es\/wp-json\/wp\/v2\/media?parent=1096"}],"wp:term":[{"taxonomy":"category","embeddable":true,"href":"https:\/\/artandpractice.org\/es\/wp-json\/wp\/v2\/categories?post=1096"},{"taxonomy":"post_tag","embeddable":true,"href":"https:\/\/artandpractice.org\/es\/wp-json\/wp\/v2\/tags?post=1096"}],"curies":[{"name":"wp","href":"https:\/\/api.w.org\/{rel}","templated":true}]}}