{"id":1151,"date":"2021-02-01T12:07:25","date_gmt":"2021-02-01T20:07:25","guid":{"rendered":"https:\/\/www.artandpractice.org\/?p=1151"},"modified":"2021-02-01T12:07:26","modified_gmt":"2021-02-01T20:07:26","slug":"eso-won-books-isnt-joining-mark-bradfords-art-practice-but-theres-a-new-gallery-and-new-partnerships","status":"publish","type":"post","link":"https:\/\/artandpractice.org\/es\/news\/eso-won-books-isnt-joining-mark-bradfords-art-practice-but-theres-a-new-gallery-and-new-partnerships\/","title":{"rendered":"Eso Won Books no se une a Art + Practice de Mark Bradford, pero hay una nueva galer\u00eda y nuevas asociaciones."},"content":{"rendered":"<p>Hace menos de dos a\u00f1os, la ambiciosa galer\u00eda de Leimert Park y el complejo de servicios sociales Art + Practice del artista Mark Bradford se inaugur\u00f3 con una colaboraci\u00f3n del Museo Hammer, exhibiendo obras de Charles Gaines en un espacio temporal.<\/p>\n\n\n\n<p>El s\u00e1bado, A+P inaugura un nuevo espacio de galer\u00eda de 6000 pies cuadrados con su espect\u00e1culo debut, \u201cBlack, White, Gray\u201d, una exposici\u00f3n de obras del escultor Fred Eversley.<\/p>\n\n\n\n<p>Con sede en Venecia, Eversley es conocido por crear piezas que ofrecen juegos seductores de color y luz. Es una figura clave en el Movimiento de la Luz y el Espacio de California, fabricando piezas de resina colada que evocan espejos y lentes. (Mire a trav\u00e9s de una de sus piezas y ver\u00e1 el espacio antes de doblarse, distorsionarse y estirarse).<\/p>\n\n\n\n<p>Al igual que la muestra de Gaines de 2015, la exposici\u00f3n de Eversley es otra colaboraci\u00f3n del museo, esta vez con el Rose Art Museum de Massachusetts.<\/p>\n\n\n\n<p>\u201cThe Rose desarroll\u00f3 el programa curatorial\u201d, dice Sophia Belsheim, directora de operaciones de Art + Practice. \u201cNosotros proveemos el espacio. Fred tiene un estudio en Abbot Kinney. Estamos emocionados de hacer este espect\u00e1culo\u201d.<\/p>\n\n\n\n<p>La apertura del amplio espacio de la galer\u00eda en la esquina de Degnan Boulevard y West 43rd Place, que en un momento alberg\u00f3 una cadena de farmacias y luego una tienda de art\u00edculos de belleza, marca una serie de cambios para A+P. Establecida por Bradford con su socio, Allan DiCastro, y la destacada coleccionista de arte de Los \u00c1ngeles, Eileen Norton, la organizaci\u00f3n opera un tablero de ajedrez de propiedades en el vecindario. Algunos de estos todav\u00eda est\u00e1n tomando forma.<\/p>\n\n\n\n<p>Lee el art\u00edculo completo&nbsp;<strong><a href=\"http:\/\/www.latimes.com\/entertainment\/arts\/miranda\/la-et-cam-fred-eversley-art-practice-20161108-story.html\">aqu\u00ed<\/a><\/strong>.<\/p>","protected":false},"excerpt":{"rendered":"<p>Less than two years ago, the artist Mark Bradford\u2019s ambitious Leimert Park gallery and social services complex Art + Practice opened with a Hammer Museum collaboration, displaying works by Charles Gaines in a temporary space. On Saturday, A+P launches a new 6,000-square-foot gallery space with its debut show, \u201cBlack, White, Gray,\u201d an exhibition of works [&hellip;]<\/p>\n","protected":false},"author":3,"featured_media":0,"comment_status":"closed","ping_status":"closed","sticky":false,"template":"","format":"standard","meta":{"_acf_changed":false,"footnotes":""},"categories":[3,4,2],"tags":[],"class_list":["post-1151","post","type-post","status-publish","format-standard","hentry","category-contemporary-art","category-foster-youth","category-leimert-park"],"acf":[],"_links":{"self":[{"href":"https:\/\/artandpractice.org\/es\/wp-json\/wp\/v2\/posts\/1151","targetHints":{"allow":["GET"]}}],"collection":[{"href":"https:\/\/artandpractice.org\/es\/wp-json\/wp\/v2\/posts"}],"about":[{"href":"https:\/\/artandpractice.org\/es\/wp-json\/wp\/v2\/types\/post"}],"author":[{"embeddable":true,"href":"https:\/\/artandpractice.org\/es\/wp-json\/wp\/v2\/users\/3"}],"replies":[{"embeddable":true,"href":"https:\/\/artandpractice.org\/es\/wp-json\/wp\/v2\/comments?post=1151"}],"version-history":[{"count":4,"href":"https:\/\/artandpractice.org\/es\/wp-json\/wp\/v2\/posts\/1151\/revisions"}],"predecessor-version":[{"id":1242,"href":"https:\/\/artandpractice.org\/es\/wp-json\/wp\/v2\/posts\/1151\/revisions\/1242"}],"wp:attachment":[{"href":"https:\/\/artandpractice.org\/es\/wp-json\/wp\/v2\/media?parent=1151"}],"wp:term":[{"taxonomy":"category","embeddable":true,"href":"https:\/\/artandpractice.org\/es\/wp-json\/wp\/v2\/categories?post=1151"},{"taxonomy":"post_tag","embeddable":true,"href":"https:\/\/artandpractice.org\/es\/wp-json\/wp\/v2\/tags?post=1151"}],"curies":[{"name":"wp","href":"https:\/\/api.w.org\/{rel}","templated":true}]}}