{"id":1228,"date":"2021-02-01T13:47:36","date_gmt":"2021-02-01T21:47:36","guid":{"rendered":"https:\/\/www.artandpractice.org\/?p=1228"},"modified":"2021-02-01T13:47:36","modified_gmt":"2021-02-01T21:47:36","slug":"leadership-news-new-executive-director-for-southern-california","status":"publish","type":"post","link":"https:\/\/artandpractice.org\/es\/news\/leadership-news-new-executive-director-for-southern-california\/","title":{"rendered":"Noticias de liderazgo: nuevo director ejecutivo para el sur de California"},"content":{"rendered":"<p>Nos complace anunciar que Suzanne Brown se uni\u00f3 a la organizaci\u00f3n como Directora Ejecutiva para el Sur de California.<\/p>\n\n\n\n<p>Suzanne aporta a First Place una gran experiencia en liderazgo y un fuerte compromiso para ayudar a los j\u00f3venes a prosperar a trav\u00e9s de la educaci\u00f3n y el desarrollo profesional. Recientemente se desempe\u00f1\u00f3 como Directora Nacional de Soluciones de Talento para LeadersUp, donde supervis\u00f3 e impuls\u00f3 iniciativas de programas para terminar con el desempleo juvenil y cerrar la brecha de oportunidades. Sus responsabilidades inclu\u00edan liderar equipos regionales en Los \u00c1ngeles, Oakland y Chicago para reclutar, capacitar y apoyar a j\u00f3venes con oportunidades para encontrar el \u00e9xito en sus carreras.<\/p>\n\n\n\n<p>Lee el art\u00edculo completo&nbsp;<a href=\"https:\/\/www.firstplaceforyouth.org\/leadership-news-new-executive-director-for-southern-california\/?fbclid=IwAR322YNSyqTKpWwYBF_VOBab6j0mJSbye-tVHBXVIxibFuISd2PrO1MiaFk\"><strong>aqu\u00ed<\/strong><\/a>.<\/p>","protected":false},"excerpt":{"rendered":"<p>We are pleased to announce that Suzanne Brown has joined the organization as Executive Director for Southern California. Suzanne brings to First Place a wealth of leadership experience and a strong commitment to helping youth thrive through education and career development. She most recently served as National Director of Talent Solutions for LeadersUp, where she [&hellip;]<\/p>\n","protected":false},"author":3,"featured_media":0,"comment_status":"closed","ping_status":"closed","sticky":false,"template":"","format":"standard","meta":{"_acf_changed":false,"footnotes":""},"categories":[4],"tags":[],"class_list":["post-1228","post","type-post","status-publish","format-standard","hentry","category-foster-youth"],"acf":[],"_links":{"self":[{"href":"https:\/\/artandpractice.org\/es\/wp-json\/wp\/v2\/posts\/1228","targetHints":{"allow":["GET"]}}],"collection":[{"href":"https:\/\/artandpractice.org\/es\/wp-json\/wp\/v2\/posts"}],"about":[{"href":"https:\/\/artandpractice.org\/es\/wp-json\/wp\/v2\/types\/post"}],"author":[{"embeddable":true,"href":"https:\/\/artandpractice.org\/es\/wp-json\/wp\/v2\/users\/3"}],"replies":[{"embeddable":true,"href":"https:\/\/artandpractice.org\/es\/wp-json\/wp\/v2\/comments?post=1228"}],"version-history":[{"count":3,"href":"https:\/\/artandpractice.org\/es\/wp-json\/wp\/v2\/posts\/1228\/revisions"}],"predecessor-version":[{"id":1346,"href":"https:\/\/artandpractice.org\/es\/wp-json\/wp\/v2\/posts\/1228\/revisions\/1346"}],"wp:attachment":[{"href":"https:\/\/artandpractice.org\/es\/wp-json\/wp\/v2\/media?parent=1228"}],"wp:term":[{"taxonomy":"category","embeddable":true,"href":"https:\/\/artandpractice.org\/es\/wp-json\/wp\/v2\/categories?post=1228"},{"taxonomy":"post_tag","embeddable":true,"href":"https:\/\/artandpractice.org\/es\/wp-json\/wp\/v2\/tags?post=1228"}],"curies":[{"name":"wp","href":"https:\/\/api.w.org\/{rel}","templated":true}]}}